{"id":5599,"date":"2016-01-26T19:04:04","date_gmt":"2016-01-26T18:04:04","guid":{"rendered":"http:\/\/pj-blog.pl\/?p=5599"},"modified":"2016-01-28T21:22:53","modified_gmt":"2016-01-28T20:22:53","slug":"konigswalde-1939-1945-r","status":"publish","type":"post","link":"https:\/\/pj-blog.pl\/?p=5599","title":{"rendered":"K\u00f6nigswalde:  1939-1945 r."},"content":{"rendered":"<p><a href=\"https:\/\/pj-blog.pl\/wp-content\/uploads\/2013\/12\/P1010774.jpg\"><img loading=\"lazy\" decoding=\"async\" src=\"https:\/\/pj-blog.pl\/wp-content\/uploads\/2013\/12\/P1010774-300x225.jpg\" alt=\"\" width=\"300\" height=\"225\" class=\"alignleft size-medium wp-image-3669\" srcset=\"https:\/\/pj-blog.pl\/wp-content\/uploads\/2013\/12\/P1010774-300x225.jpg 300w, https:\/\/pj-blog.pl\/wp-content\/uploads\/2013\/12\/P1010774-1024x768.jpg 1024w\" sizes=\"auto, (max-width: 300px) 100vw, 300px\" \/><\/a>Wie\u015b \u015awierki (dawniej K\u00f6nigswalde, po wojnie przez pewien kr\u00f3tki czas Konary), skrywa swoje niewyja\u015bnione do ko\u0144ca zagadki z czas\u00f3w II wojny \u015bwiatowej. Tych zagadek jest sporo, o wszystkich tu nie napisz\u0119, ale jako, \u017ce ju\u017c kiedy\u015b tu na blogu poruszy\u0142em co nieco tematyk\u0119 o nazistowskiej zagadkowo\u015bci tej wsi, wi\u0119c teraz na chwile do niej wr\u00f3c\u0119. Na pocz\u0105tek dla przypomnienia to co ju\u017c na moim blogu o tym by\u0142o: <a href=\"https:\/\/pj-blog.pl\/?p=3584\">https:\/\/pj-blog.pl\/?p=3584<\/a> oraz<a href=\"https:\/\/pj-blog.pl\/?p=3695\"> https:\/\/pj-blog.pl\/?p=3695<\/a> By\u0142o tego wi\u0119cej ale licho nie pami\u0119tam w kt\u00f3rych wpisach to zamie\u015bci\u0142em, wi\u0119c dla dociekliwych polecam link do mojego blogowego archiwum, link: <a href=\"https:\/\/pj-blog.pl\/?page_id=2956%22title=%22Archiwum%22\">https:\/\/pj-blog.pl\/?page_id=2956%22title=%22Archiwum%22<\/a> , kto pokopie, ten na pewno co\u015b wi\u0119cej ponadto co tu podlinkowa\u0142em, wykopie. <\/p>\n<p>Zmierzaj\u0105c do sedna. Mam spisan\u0105 relacj\u0119 \u015bwiadka, kt\u00f3ry za \u017cycia twierdzi\u0142, \u017ce w Bartnicy przy drodze (na samym pocz\u0105tku jad\u0105c samochodem od strony wsi \u015awierki w kierunku Wa\u0142brzycha), znajdowa\u0142 si\u0119 ob\u00f3z je\u0144c\u00f3w wojennych. Byli tam skoszarowani w starych, przystosowanych odpowiednio, gospodarczych szopach, prawie sami Anglicy (by\u0142o te\u017c kilku Francuz\u00f3w), \u0142\u0105cznie oko\u0142o 50-\u015bciu m\u0119\u017cczyzn. Ob\u00f3z mie\u015bci\u0142 si\u0119 przy skr\u0119cie na Stra\u017cnic\u0119 (praktycznie przy g\u0142\u00f3wnej drodze). Owi je\u0144cy wojenni mieli og\u00f3lnie dobre warunki bytowe. Ob\u00f3z mia\u0142 drut kolczasty tylko od jednej strony, reszt\u0119 zamyka\u0142y zabudowania, a drut nie by\u0142 pod napi\u0119ciem. Anglicy chodzili do pracy do wsi \u015awierki do starego kamienio\u0142omu. Pracowali tam l\u017cej ni\u017c cywilni Niemcy, kt\u00f3rzy byli tam normalnymi pracownikami. Je\u0144cy angielscy-francuscy mieli mniejsz\u0105 norm\u0119 do wyrobienia i kr\u00f3tszy czas pracy, dlatego niemieccy fizyczni pracownicy kamienio\u0142omu z\u0142o\u015bliwie nazywali ich m.in. \u201ebogami\u201d. Ci \u201eangole\u201d mieli r\u00f3wnie\u017c du\u017ce przywileje w godzinach po pracy, itd. itd. itd\u2026.itd. to tak w skr\u00f3cie. <\/p>\n<p>Wa\u017cne jest potwierdzenie tej relacji. Z dokument\u00f3w wiadomo, \u017ce we wsi \u015awierki mie\u015bci\u0142a si\u0119 filia obozu Stalagu Goerlitz VIIIa i byli tam je\u0144cy wojenni z Belgii, Anglii i Francji i jaka\u015b cz\u0119\u015b\u0107 z nich pracowa\u0142a w kamienio\u0142omie w G\u0142uszycy G\u00f3rnej. By\u0107 mo\u017ce druga cz\u0119\u015b\u0107 analogicznie pracowa\u0142a r\u00f3wnie\u017c w kamienio\u0142omach we wsi \u015awierki (chocia\u017c nic o tym nie wiem) mimo, \u017ce wiem, gdzie byli skoszarowani ci je\u0144cy wojenni ze Stalagu we wsi \u015awierki \u2013 ale to ju\u017c mowa o innym obozie, i to jest osobny temat. Zagwozdka jest taka, \u017ce ten ob\u00f3z z Anglikami i Francuzami, o kt\u00f3rym mam relacj\u0119 i kt\u00f3ry tu omawiam (ten w Bartnicy), rzeczywi\u015bcie istnia\u0142, a je\u0144cy z tego obozu na pewno pracowali w kamienio\u0142omie we wsi \u015awierki (na 100%). Jak si\u0119 nazywa\u0142 ten ob\u00f3z (numer, itd.) i co jeszcze o nim wiadomo ?? Podaj\u0119 dok\u0142adn\u0105 lokalizacj\u0119 obozu o kt\u00f3rym mowa w relacji. <div id=\"attachment_5603\" style=\"width: 310px\" class=\"wp-caption aligncenter\"><a href=\"https:\/\/pj-blog.pl\/wp-content\/uploads\/2016\/01\/1.png\"><img loading=\"lazy\" decoding=\"async\" aria-describedby=\"caption-attachment-5603\" src=\"https:\/\/pj-blog.pl\/wp-content\/uploads\/2016\/01\/1-300x163.png\" alt=\"Fragment zdj\u0119cie lotniczego z 1958\/59 roku (czerwon\u0105 strza\u0142k\u0105 zaznaczony domniemany ob\u00f3z je\u0144c\u00f3w)\" width=\"300\" height=\"163\" class=\"size-medium wp-image-5603\" srcset=\"https:\/\/pj-blog.pl\/wp-content\/uploads\/2016\/01\/1-300x163.png 300w, https:\/\/pj-blog.pl\/wp-content\/uploads\/2016\/01\/1.png 966w\" sizes=\"auto, (max-width: 300px) 100vw, 300px\" \/><\/a><p id=\"caption-attachment-5603\" class=\"wp-caption-text\">Fragment zdj\u0119cia lotniczego z 1954 roku (czerwon\u0105 strza\u0142k\u0105 zaznaczony zlikwidowany domniemany ob\u00f3z je\u0144c\u00f3w, utworzony tam w latach II wojny \u015bwiatowej )<\/p><\/div> <div id=\"attachment_5605\" style=\"width: 310px\" class=\"wp-caption aligncenter\"><a href=\"https:\/\/pj-blog.pl\/wp-content\/uploads\/2016\/01\/21.png\"><img loading=\"lazy\" decoding=\"async\" aria-describedby=\"caption-attachment-5605\" src=\"https:\/\/pj-blog.pl\/wp-content\/uploads\/2016\/01\/21-300x142.png\" alt=\"Fragment niemieckiej mapy topograficznej (1936 r.) Me\u00dftischbl\u00e4tter, z zaznaczeniem lokalizacji domniemanego obozu je\u0144c\u00f3w utworzonego tam w czasie II wojny \u015bwiatowej\" width=\"300\" height=\"142\" class=\"size-medium wp-image-5605\" srcset=\"https:\/\/pj-blog.pl\/wp-content\/uploads\/2016\/01\/21-300x142.png 300w, https:\/\/pj-blog.pl\/wp-content\/uploads\/2016\/01\/21-1024x486.png 1024w, https:\/\/pj-blog.pl\/wp-content\/uploads\/2016\/01\/21.png 1136w\" sizes=\"auto, (max-width: 300px) 100vw, 300px\" \/><\/a><p id=\"caption-attachment-5605\" class=\"wp-caption-text\">Fragment niemieckiej mapy topograficznej (1936 r.) Me\u00dftischbl\u00e4tter, z zaznaczeniem lokalizacji domniemanego obozu je\u0144c\u00f3w utworzonego tam w czasie II wojny \u015bwiatowej<\/p><\/div><\/p>\n<p>Ot taka ma\u0142a zagwozdka na zimowe wieczory \ud83d\ude42<\/p>\n","protected":false},"excerpt":{"rendered":"<p>Wie\u015b \u015awierki (dawniej K\u00f6nigswalde, po wojnie przez pewien kr\u00f3tki czas Konary), skrywa swoje niewyja\u015bnione do ko\u0144ca zagadki z czas\u00f3w II wojny \u015bwiatowej. Tych zagadek jest sporo, o wszystkich tu nie napisz\u0119, ale jako, \u017ce ju\u017c kiedy\u015b tu na blogu poruszy\u0142em &hellip; <a href=\"https:\/\/pj-blog.pl\/?p=5599\">Czytaj dalej <span class=\"meta-nav\">&rarr;<\/span><\/a><\/p>\n","protected":false},"author":2,"featured_media":0,"comment_status":"open","ping_status":"closed","sticky":false,"template":"","format":"standard","meta":{"ngg_post_thumbnail":0,"footnotes":""},"categories":[1],"tags":[],"class_list":["post-5599","post","type-post","status-publish","format-standard","hentry","category-uncategorized"],"_links":{"self":[{"href":"https:\/\/pj-blog.pl\/index.php?rest_route=\/wp\/v2\/posts\/5599","targetHints":{"allow":["GET"]}}],"collection":[{"href":"https:\/\/pj-blog.pl\/index.php?rest_route=\/wp\/v2\/posts"}],"about":[{"href":"https:\/\/pj-blog.pl\/index.php?rest_route=\/wp\/v2\/types\/post"}],"author":[{"embeddable":true,"href":"https:\/\/pj-blog.pl\/index.php?rest_route=\/wp\/v2\/users\/2"}],"replies":[{"embeddable":true,"href":"https:\/\/pj-blog.pl\/index.php?rest_route=%2Fwp%2Fv2%2Fcomments&post=5599"}],"version-history":[{"count":0,"href":"https:\/\/pj-blog.pl\/index.php?rest_route=\/wp\/v2\/posts\/5599\/revisions"}],"wp:attachment":[{"href":"https:\/\/pj-blog.pl\/index.php?rest_route=%2Fwp%2Fv2%2Fmedia&parent=5599"}],"wp:term":[{"taxonomy":"category","embeddable":true,"href":"https:\/\/pj-blog.pl\/index.php?rest_route=%2Fwp%2Fv2%2Fcategories&post=5599"},{"taxonomy":"post_tag","embeddable":true,"href":"https:\/\/pj-blog.pl\/index.php?rest_route=%2Fwp%2Fv2%2Ftags&post=5599"}],"curies":[{"name":"wp","href":"https:\/\/api.w.org\/{rel}","templated":true}]}}