{"id":5626,"date":"2016-02-09T22:35:23","date_gmt":"2016-02-09T21:35:23","guid":{"rendered":"http:\/\/pj-blog.pl\/?p=5626"},"modified":"2016-02-10T08:16:55","modified_gmt":"2016-02-10T07:16:55","slug":"riese-moje-dylematy","status":"publish","type":"post","link":"https:\/\/pj-blog.pl\/?p=5626","title":{"rendered":"&#8222;Riese&#8221; &#8211; moje dylematy"},"content":{"rendered":"<p><div id=\"attachment_5627\" style=\"width: 310px\" class=\"wp-caption alignleft\"><a href=\"https:\/\/pj-blog.pl\/wp-content\/uploads\/2016\/02\/IMG_0001.jpg\"><img loading=\"lazy\" decoding=\"async\" aria-describedby=\"caption-attachment-5627\" src=\"https:\/\/pj-blog.pl\/wp-content\/uploads\/2016\/02\/IMG_0001-300x225.jpg\" alt=\"Ja na mojej posesji zaczytany w kl\u0119sk\u0119 OT (rok 2014)\" width=\"300\" height=\"225\" class=\"size-medium wp-image-5627\" srcset=\"https:\/\/pj-blog.pl\/wp-content\/uploads\/2016\/02\/IMG_0001-300x225.jpg 300w, https:\/\/pj-blog.pl\/wp-content\/uploads\/2016\/02\/IMG_0001-1024x768.jpg 1024w, https:\/\/pj-blog.pl\/wp-content\/uploads\/2016\/02\/IMG_0001.jpg 1152w\" sizes=\"auto, (max-width: 300px) 100vw, 300px\" \/><\/a><p id=\"caption-attachment-5627\" class=\"wp-caption-text\">Ja na mojej posesji zaczytany w kl\u0119sk\u0119 OT (rok 2014)<\/p><\/div>Program budowy \u201eRiese\u201d realizowany w latach 1943-45 na obecnym Dolnym \u015al\u0105sku, zako\u0144czy\u0142 si\u0119 niepowodzeniem. W efekcie <strong>\u201eRiese\u201d nie istnieje<\/strong>. Tym samym nie poprawne jest u\u017cywanie okre\u015blenia \u201ejeste\u015bmy\/ byli\u015bmy w Riese\u201d itp., co najwy\u017cej jeste\u015bmy \/ byli\u015bmy w terenie na kt\u00f3rym pr\u00f3bowano to \u201eRiese\u201d niegdy\u015b zbudowa\u0107 \u2013 taka forma jest poprawna. Inaczej dla przyk\u0142adu obrazowo m\u00f3wi\u0105c, to tak jakby w planie by\u0142a budowa mostu, a zbudowano tylko same prz\u0119s\u0142a, czy w\u00f3wczas poprawne b\u0119dzie te prz\u0119s\u0142a nazywa\u0107 mostem ?? to s\u0105 tylko prz\u0119s\u0142a, same prz\u0119s\u0142a, mostu nie ma.<\/p>\n<p>Nie pisz\u0119 tego, \u017ceby si\u0119 czepia\u0107, bo sam nieraz nie dwa z rozp\u0119du u\u017cywam okre\u015blenia 'w \u201eRiese\u201d (ot z\u0142y nawyk przej\u0119ty od \u201efachowc\u00f3w\u201d z czas\u00f3w, gdy nie mia\u0142em jeszcze tej wiedzy, kt\u00f3r\u0105 mam obecnie). Pytanie, czy na tym terenie budowy \u201eRiese\u201d w g\u00f3rach sowich, zdo\u0142ano wykona\u0107 co\u015b wi\u0119cej ni\u017c to co wida\u0107, ale np. to zamaskowano ? Szukam odpowiedzi.. <\/p>\n<div id=\"attachment_5629\" style=\"width: 310px\" class=\"wp-caption alignright\"><a href=\"https:\/\/pj-blog.pl\/wp-content\/uploads\/2016\/02\/IMG_0008.jpg\"><img loading=\"lazy\" decoding=\"async\" aria-describedby=\"caption-attachment-5629\" src=\"https:\/\/pj-blog.pl\/wp-content\/uploads\/2016\/02\/IMG_0008-300x225.jpg\" alt=\"W\u0142odarz - fot. Pawe\u0142 Je\u017cewski\" width=\"300\" height=\"225\" class=\"size-medium wp-image-5629\" srcset=\"https:\/\/pj-blog.pl\/wp-content\/uploads\/2016\/02\/IMG_0008-300x225.jpg 300w, https:\/\/pj-blog.pl\/wp-content\/uploads\/2016\/02\/IMG_0008-1024x768.jpg 1024w, https:\/\/pj-blog.pl\/wp-content\/uploads\/2016\/02\/IMG_0008.jpg 1152w\" sizes=\"auto, (max-width: 300px) 100vw, 300px\" \/><\/a><p id=\"caption-attachment-5629\" class=\"wp-caption-text\">W\u0142odarz &#8211; fot. Pawe\u0142 Je\u017cewski<\/p><\/div>\n<p><div id=\"attachment_5630\" style=\"width: 310px\" class=\"wp-caption alignleft\"><a href=\"https:\/\/pj-blog.pl\/wp-content\/uploads\/2016\/02\/IMG_0012.jpg\"><img loading=\"lazy\" decoding=\"async\" aria-describedby=\"caption-attachment-5630\" src=\"https:\/\/pj-blog.pl\/wp-content\/uploads\/2016\/02\/IMG_0012-300x225.jpg\" alt=\"W\u0142odarz - fot. Pawe\u0142 Je\u017cewski\" width=\"300\" height=\"225\" class=\"size-medium wp-image-5630\" srcset=\"https:\/\/pj-blog.pl\/wp-content\/uploads\/2016\/02\/IMG_0012-300x225.jpg 300w, https:\/\/pj-blog.pl\/wp-content\/uploads\/2016\/02\/IMG_0012-1024x768.jpg 1024w, https:\/\/pj-blog.pl\/wp-content\/uploads\/2016\/02\/IMG_0012.jpg 1152w\" sizes=\"auto, (max-width: 300px) 100vw, 300px\" \/><\/a><p id=\"caption-attachment-5630\" class=\"wp-caption-text\">W\u0142odarz &#8211; fot. Pawe\u0142 Je\u017cewski<\/p><\/div>O ile uda\u0142o mi si\u0119 \u015bledz\u0105c przebieg tras kolejek w\u0105skotorowych wywnioskowa\u0107, gdzie znajduje si\u0119 tzw. \u201esztolnia Polska\u201d to mam pewien dylemat odno\u015bnie.. Dalmusa.  Pan Dalmus wskaza\u0142 dla PPT istnienie dw\u00f3ch sztolni wi\u0119cej ni\u017c fizycznie znamy. Pomy\u0142ka ? Pozosta\u0142e sztolnie wskazane przez Dalmusa si\u0119 zgadzaj\u0105, tych dw\u00f3ch brakuje. Liczba parzysta te\u017c do mnie przemawia.. jednak topografia wskazanego terenu na mapie Bia\u0142asika ju\u017c mniej. Ale mo\u017ce to w\u0142a\u015bnie tu tkwi pomy\u0142ka.. Dalmusa. Osobn\u0105 kwesti\u0105 jest bardzo d\u0142ugi tunel maj\u0105cy i\u015b\u0107 rzekomo od Zimnej Wody do samego Zamku Ksi\u0105\u017c. Osoby bardziej zorientowane w tematach eksploracyjnych wiedz\u0105 o czym m\u00f3wi\u0119. Wiedz\u0105 te\u017c, czy taki tunel mo\u017ce w tym miejscu istnie\u0107 czy te\u017c nie, i czy ta relacja jest prawdziwa. <\/p>\n<p>Ja us\u0142ysza\u0142em podobn\u0105 \u201ehistori\u0119\u201d jaki\u015b czas temu. Pozna\u0142em w\u00f3wczas cz\u0142owieka, kt\u00f3ry twierdzi, \u017ce by\u0142 w tunelu niesamowicie d\u0142ugim w g\u00f3rach sowich 40 lat temu. Sprawdzi\u0142em szereg danych z tym zwi\u0105zanych i np. okazuje si\u0119, \u017ce facet rzeczywi\u015bcie by\u0142 w tym czasie w g\u00f3rach sowich (zachowana dokumentacja zdj\u0119ciowa etc.), jednak wci\u0105\u017c daleki jestem od tego, \u017ceby uzna\u0107, i\u017c owy tunel z jego opowie\u015bci istnieje, dop\u00f3ki go nie zobacz\u0119 na w\u0142asne oczy. Czekam wi\u0119c na zdj\u0119cia jego koleg\u00f3w z kt\u00f3rymi by\u0142 w tym czasie (robili zdj\u0119cia w okolicy wej\u015bcia do tunelu, a samo wej\u015bcie by\u0142o oczywi\u015bcie niewidoczne, wchodzili przez tzw. \u201elisi\u0105 nor\u0119\u201d w zaro\u015blach, czyli przez dziur\u0119 w stropie za zawa\u0142em). Facet sam dok\u0142adnie po tylu latach nie pami\u0119ta w kt\u00f3rym to by\u0142o miejscu. Zobacz\u0119 co z tego wyjdzie, je\u017celi zobacz\u0119 zdj\u0119cia. Jak si\u0119 oka\u017ce, ze ten tunel jest faktem to.. c\u00f3\u017c, ja jestem badaczem niekomercyjnym i tego si\u0119 trzymam, wi\u0119c prawdopodobnie lokalizacj\u0119 tunelu zachowam tylko dla siebie i moich zaufanych koleg\u00f3w. <\/p>\n","protected":false},"excerpt":{"rendered":"<p>Program budowy \u201eRiese\u201d realizowany w latach 1943-45 na obecnym Dolnym \u015al\u0105sku, zako\u0144czy\u0142 si\u0119 niepowodzeniem. W efekcie \u201eRiese\u201d nie istnieje. Tym samym nie poprawne jest u\u017cywanie okre\u015blenia \u201ejeste\u015bmy\/ byli\u015bmy w Riese\u201d itp., co najwy\u017cej jeste\u015bmy \/ byli\u015bmy w terenie na kt\u00f3rym &hellip; <a href=\"https:\/\/pj-blog.pl\/?p=5626\">Czytaj dalej <span class=\"meta-nav\">&rarr;<\/span><\/a><\/p>\n","protected":false},"author":2,"featured_media":0,"comment_status":"open","ping_status":"closed","sticky":false,"template":"","format":"standard","meta":{"ngg_post_thumbnail":0,"footnotes":""},"categories":[1],"tags":[],"class_list":["post-5626","post","type-post","status-publish","format-standard","hentry","category-uncategorized"],"_links":{"self":[{"href":"https:\/\/pj-blog.pl\/index.php?rest_route=\/wp\/v2\/posts\/5626","targetHints":{"allow":["GET"]}}],"collection":[{"href":"https:\/\/pj-blog.pl\/index.php?rest_route=\/wp\/v2\/posts"}],"about":[{"href":"https:\/\/pj-blog.pl\/index.php?rest_route=\/wp\/v2\/types\/post"}],"author":[{"embeddable":true,"href":"https:\/\/pj-blog.pl\/index.php?rest_route=\/wp\/v2\/users\/2"}],"replies":[{"embeddable":true,"href":"https:\/\/pj-blog.pl\/index.php?rest_route=%2Fwp%2Fv2%2Fcomments&post=5626"}],"version-history":[{"count":0,"href":"https:\/\/pj-blog.pl\/index.php?rest_route=\/wp\/v2\/posts\/5626\/revisions"}],"wp:attachment":[{"href":"https:\/\/pj-blog.pl\/index.php?rest_route=%2Fwp%2Fv2%2Fmedia&parent=5626"}],"wp:term":[{"taxonomy":"category","embeddable":true,"href":"https:\/\/pj-blog.pl\/index.php?rest_route=%2Fwp%2Fv2%2Fcategories&post=5626"},{"taxonomy":"post_tag","embeddable":true,"href":"https:\/\/pj-blog.pl\/index.php?rest_route=%2Fwp%2Fv2%2Ftags&post=5626"}],"curies":[{"name":"wp","href":"https:\/\/api.w.org\/{rel}","templated":true}]}}