{"id":5686,"date":"2016-03-28T15:48:17","date_gmt":"2016-03-28T14:48:17","guid":{"rendered":"http:\/\/pj-blog.pl\/?p=5686"},"modified":"2016-10-02T13:35:00","modified_gmt":"2016-10-02T12:35:00","slug":"biale-szalenstwo","status":"publish","type":"post","link":"https:\/\/pj-blog.pl\/?p=5686","title":{"rendered":"Bia\u0142e szale\u0144stwo"},"content":{"rendered":"<p><div id=\"attachment_5687\" style=\"width: 310px\" class=\"wp-caption alignleft\"><a href=\"https:\/\/pj-blog.pl\/wp-content\/uploads\/2016\/03\/PIC01190.jpg\"><img loading=\"lazy\" decoding=\"async\" aria-describedby=\"caption-attachment-5687\" src=\"https:\/\/pj-blog.pl\/wp-content\/uploads\/2016\/03\/PIC01190-300x225.jpg\" alt=\"JA we W\u0142oskich Dolomitach\" width=\"300\" height=\"225\" class=\"size-medium wp-image-5687\" srcset=\"https:\/\/pj-blog.pl\/wp-content\/uploads\/2016\/03\/PIC01190-300x225.jpg 300w, https:\/\/pj-blog.pl\/wp-content\/uploads\/2016\/03\/PIC01190-1024x768.jpg 1024w\" sizes=\"auto, (max-width: 300px) 100vw, 300px\" \/><\/a><p id=\"caption-attachment-5687\" class=\"wp-caption-text\">JA we W\u0142oskich Dolomitach<\/p><\/div>Wpis ten po\u015bwi\u0119cam narciarstwu. Ma\u0142o kto wie, ale na nartach zacz\u0105\u0142em je\u017adzi\u0107 ju\u017c gdy mia\u0142em zaledwie 3,5 roku. P\u00f3\u017aniej trwa\u0142o to regularnie co sezon, nast\u0119pnie by\u0142y r\u00f3\u017cne szk\u00f3\u0142ki narciarskie, zawody, itp. a\u017c do wieku doros\u0142ego. Obecnie r\u00f3wnie\u017c gdy znajduj\u0119 czas wybieram si\u0119 na narty (g\u0142\u00f3wnie do W\u0142och). Mog\u0119 wi\u0119c uczciwie i \u015bmia\u0142o powiedzie\u0107, \u017ce w \u017cyciu na nartach napraw\u0119 wyje\u017adzi\u0142em si\u0119. Do czego jednak zmierzam: Ot\u00f3\u017c obecnie narciarstwo nie wygl\u0105da ju\u017c tak jak kiedy\u015b. Teraz konieczne s\u0105 przygotowane ratrakiem stoki (przepisy) a to ju\u017c nie takie fajne bo nie ma tzw. muld.<\/p>\n<p><div id=\"attachment_5688\" style=\"width: 310px\" class=\"wp-caption aligncenter\"><a href=\"https:\/\/pj-blog.pl\/wp-content\/uploads\/2016\/03\/PIC01215.jpg\"><img loading=\"lazy\" decoding=\"async\" aria-describedby=\"caption-attachment-5688\" src=\"https:\/\/pj-blog.pl\/wp-content\/uploads\/2016\/03\/PIC01215-300x225.jpg\" alt=\" :) \" width=\"300\" height=\"225\" class=\"size-medium wp-image-5688\" srcset=\"https:\/\/pj-blog.pl\/wp-content\/uploads\/2016\/03\/PIC01215-300x225.jpg 300w, https:\/\/pj-blog.pl\/wp-content\/uploads\/2016\/03\/PIC01215-1024x768.jpg 1024w\" sizes=\"auto, (max-width: 300px) 100vw, 300px\" \/><\/a><p id=\"caption-attachment-5688\" class=\"wp-caption-text\">W\u0142ochy<\/p><\/div>Z czasem pojawili si\u0119 na stokach r\u00f3wnie\u017c snowboardzi\u015bci  &#8211; prawdziwa zmora dla narciarzy, a w ka\u017cdym razie zmora dla mnie.  Utrudniaj\u0105 oni bezpieczn\u0105 jazd\u0119, powoduj\u0105 kolizje (nie ma to jak siedz\u0105cy dla odpoczynku na \u015brodku stoku snowboardzista pisz\u0105cy sms-a), trudno takiego wymin\u0105\u0107 bo nie wiadomo nigdy w kt\u00f3r\u0105 stron\u0119 skr\u0119ci i czy nagle nie zajedzie nam drogi doprowadzaj\u0105c do kraksy. Pono\u0107 w\u0142a\u015bnie najwi\u0119cej tragedii na stokach powoduj\u0105 snowboardzi\u015bci.<\/p>\n<p><div id=\"attachment_5689\" style=\"width: 310px\" class=\"wp-caption alignright\"><a href=\"https:\/\/pj-blog.pl\/wp-content\/uploads\/2016\/03\/IMG_0103.jpg\"><img loading=\"lazy\" decoding=\"async\" aria-describedby=\"caption-attachment-5689\" src=\"https:\/\/pj-blog.pl\/wp-content\/uploads\/2016\/03\/IMG_0103-300x225.jpg\" alt=\"Na Czarnej G\u00f3rze\" width=\"300\" height=\"225\" class=\"size-medium wp-image-5689\" srcset=\"https:\/\/pj-blog.pl\/wp-content\/uploads\/2016\/03\/IMG_0103-300x225.jpg 300w, https:\/\/pj-blog.pl\/wp-content\/uploads\/2016\/03\/IMG_0103-1024x768.jpg 1024w, https:\/\/pj-blog.pl\/wp-content\/uploads\/2016\/03\/IMG_0103.jpg 1280w\" sizes=\"auto, (max-width: 300px) 100vw, 300px\" \/><\/a><p id=\"caption-attachment-5689\" class=\"wp-caption-text\">Na Czarnej G\u00f3rze<\/p><\/div>Teraz kr\u00f3tko co polecam a czego nie polecam. Do Sokolca-Rzeczki mam oczywi\u015bcie sentyment (to tam w wi\u0119kszo\u015bci uczy\u0142em si\u0119 je\u017adzi\u0107), ale.. to jakby nie patrze\u0107 o\u015ble \u0142\u0105czki. Czarna G\u00f3ra jest odpowiednia je\u017celi jad\u0119 z kim\u015b kogo mam zamiar dopiero uczy\u0107 je\u017adzi\u0107 na nartach. Szklarska Por\u0119ba jest niez\u0142a ale  np. nartostrada Lolobrigida jest przereklamowana. Karpacz odpada. Zieleniec r\u00f3wnie\u017c nie polecam. Nie polecam Austrii (zazwyczaj \u015bniegu tam nie brakuje, ale pogoda.. jeszcze nie widzia\u0142em \u017ceby tam by\u0142o b\u0142\u0119kitne niebo d\u0142u\u017cej ni\u017c 2 godziny). Czechy s\u0105 niez\u0142e, szczeg\u00f3lnie czeski pieczony ser w ski-barach, ale wol\u0119 W\u0142oskie nartostrady. Polecam wi\u0119c szczeg\u00f3lnie region Val di Sole (Temu, Ponte di Legno, Passo Tonale). <div id=\"attachment_5691\" style=\"width: 650px\" class=\"wp-caption aligncenter\"><a href=\"https:\/\/pj-blog.pl\/wp-content\/uploads\/2016\/03\/PIC01413.jpg\"><img loading=\"lazy\" decoding=\"async\" aria-describedby=\"caption-attachment-5691\" src=\"https:\/\/pj-blog.pl\/wp-content\/uploads\/2016\/03\/PIC01413-1024x768.jpg\" alt=\"Uroki W\u0142oskich nartostrad :) - fot. Pawe\u0142 Je\u017cewski\" width=\"640\" height=\"480\" class=\"size-large wp-image-5691\" srcset=\"https:\/\/pj-blog.pl\/wp-content\/uploads\/2016\/03\/PIC01413-1024x768.jpg 1024w, https:\/\/pj-blog.pl\/wp-content\/uploads\/2016\/03\/PIC01413-300x225.jpg 300w\" sizes=\"auto, (max-width: 640px) 100vw, 640px\" \/><\/a><p id=\"caption-attachment-5691\" class=\"wp-caption-text\">Uroki W\u0142oskich nartostrad \ud83d\ude42 &#8211; fot. Pawe\u0142 Je\u017cewski<\/p><\/div><\/p>\n","protected":false},"excerpt":{"rendered":"<p>Wpis ten po\u015bwi\u0119cam narciarstwu. Ma\u0142o kto wie, ale na nartach zacz\u0105\u0142em je\u017adzi\u0107 ju\u017c gdy mia\u0142em zaledwie 3,5 roku. P\u00f3\u017aniej trwa\u0142o to regularnie co sezon, nast\u0119pnie by\u0142y r\u00f3\u017cne szk\u00f3\u0142ki narciarskie, zawody, itp. a\u017c do wieku doros\u0142ego. Obecnie r\u00f3wnie\u017c gdy znajduj\u0119 czas &hellip; <a href=\"https:\/\/pj-blog.pl\/?p=5686\">Czytaj dalej <span class=\"meta-nav\">&rarr;<\/span><\/a><\/p>\n","protected":false},"author":2,"featured_media":0,"comment_status":"open","ping_status":"closed","sticky":false,"template":"","format":"standard","meta":{"ngg_post_thumbnail":0,"footnotes":""},"categories":[1],"tags":[],"class_list":["post-5686","post","type-post","status-publish","format-standard","hentry","category-uncategorized"],"_links":{"self":[{"href":"https:\/\/pj-blog.pl\/index.php?rest_route=\/wp\/v2\/posts\/5686","targetHints":{"allow":["GET"]}}],"collection":[{"href":"https:\/\/pj-blog.pl\/index.php?rest_route=\/wp\/v2\/posts"}],"about":[{"href":"https:\/\/pj-blog.pl\/index.php?rest_route=\/wp\/v2\/types\/post"}],"author":[{"embeddable":true,"href":"https:\/\/pj-blog.pl\/index.php?rest_route=\/wp\/v2\/users\/2"}],"replies":[{"embeddable":true,"href":"https:\/\/pj-blog.pl\/index.php?rest_route=%2Fwp%2Fv2%2Fcomments&post=5686"}],"version-history":[{"count":0,"href":"https:\/\/pj-blog.pl\/index.php?rest_route=\/wp\/v2\/posts\/5686\/revisions"}],"wp:attachment":[{"href":"https:\/\/pj-blog.pl\/index.php?rest_route=%2Fwp%2Fv2%2Fmedia&parent=5686"}],"wp:term":[{"taxonomy":"category","embeddable":true,"href":"https:\/\/pj-blog.pl\/index.php?rest_route=%2Fwp%2Fv2%2Fcategories&post=5686"},{"taxonomy":"post_tag","embeddable":true,"href":"https:\/\/pj-blog.pl\/index.php?rest_route=%2Fwp%2Fv2%2Ftags&post=5686"}],"curies":[{"name":"wp","href":"https:\/\/api.w.org\/{rel}","templated":true}]}}