{"id":7243,"date":"2018-03-01T14:47:29","date_gmt":"2018-03-01T13:47:29","guid":{"rendered":"http:\/\/pj-blog.pl\/?p=7243"},"modified":"2018-03-02T13:03:14","modified_gmt":"2018-03-02T12:03:14","slug":"moja-ksiazka","status":"publish","type":"post","link":"https:\/\/pj-blog.pl\/?p=7243","title":{"rendered":"Moja ksi\u0105\u017cka"},"content":{"rendered":"<p><a href=\"https:\/\/pj-blog.pl\/wp-content\/uploads\/2018\/03\/ksi\u0105\u017cka.jpg\"><img loading=\"lazy\" decoding=\"async\" src=\"https:\/\/pj-blog.pl\/wp-content\/uploads\/2018\/03\/ksi\u0105\u017cka-300x284.jpg\" alt=\"\" width=\"300\" height=\"284\" class=\"alignleft size-medium wp-image-7244\" srcset=\"https:\/\/pj-blog.pl\/wp-content\/uploads\/2018\/03\/ksi\u0105\u017cka-300x284.jpg 300w, https:\/\/pj-blog.pl\/wp-content\/uploads\/2018\/03\/ksi\u0105\u017cka-768x726.jpg 768w, https:\/\/pj-blog.pl\/wp-content\/uploads\/2018\/03\/ksi\u0105\u017cka-1024x969.jpg 1024w, https:\/\/pj-blog.pl\/wp-content\/uploads\/2018\/03\/ksi\u0105\u017cka.jpg 1920w\" sizes=\"auto, (max-width: 300px) 100vw, 300px\" \/><\/a>Ksi\u0105\u017cka ju\u017c jest. Teraz sukcesywnie trafia do kolejnych punkt\u00f3w sprzeda\u017cy a tymczasem zamieszczam dla czytelnik\u00f3w bloga skr\u00f3towy opis tre\u015bci w niej zawartej. Ot\u00f3\u017c w ksi\u0105\u017cce przedstawi\u0142em wyniki moich najnowszych eksploracji terenowych oraz nigdy wcze\u015bniej niepublikowan\u0105 dokumentacj\u0119 archiwaln\u0105 zdobyt\u0105 w efekcie licznych bada\u0144, kt\u00f3re przez dwa lata prowadzi\u0142em w r\u00f3\u017cnego typu archiwach pa\u0144stwowych oraz prywatnych. Na podstawie niemieckiej dokumentacji obalam wiele mit\u00f3w, jak na przyk\u0142ad b\u0142\u0119dnie przedstawiane w literaturze etapy budowy fabryki Dynamit AG Ludwigsdorf, b\u0142\u0119dnie podawana ilo\u015b\u0107 barak\u00f3w w poszczeg\u00f3lnych obozach, itd. Wyja\u015bniona zosta\u0142a kwestia tajemniczego zlikwidowania m\u0119skiej cz\u0119\u015bci obozu dla \u017byd\u00f3w w 1944 roku. Po raz pierwszy pojawiaj\u0105 si\u0119 dokumenty archiwalne zwi\u0105zane z budow\u0105 kompleksu Gontowa, kt\u00f3ry wchodzi\u0142 w sk\u0142ad Bauvorhaben \u201eRiese\u201d. Zamie\u015bci\u0142em r\u00f3wnie\u017c dokumenty archiwalne zwi\u0105zane z wy\u017cszym kierownictwem tej budowy. W ksi\u0105\u017cce przedstawiona zosta\u0142a pe\u0142na dokumentacja z bada\u0144 i eksploracji terenowych, kt\u00f3re prowadzi\u0142em wraz z moim nieformalnym zespo\u0142em badawczym w latach 2014-2018. Mapy sytuacyjne terenu zawarte w poprzedniej ksi\u0105\u017cce (2015) zosta\u0142y uszczeg\u00f3\u0142owione oraz zosta\u0142y zamieszczone nowe mapy, kt\u00f3re \u0142\u0105cznie daj\u0105 pe\u0142ne odwzorowanie rozlokowania obiekt\u00f3w budowlanych znajduj\u0105cych si\u0119 na powierzchni oraz pod powierzchni\u0105 terenu. Relacje \u015bwiadk\u00f3w historii &#8211; skr\u00f3towo przedstawione w ksi\u0105\u017cce poprzedniej &#8211; w nowej ksi\u0105\u017cce zosta\u0142y uzupe\u0142nione i rozszerzone o nowe. Zamie\u015bci\u0142em r\u00f3wnie\u017c kluczowe relacje os\u00f3b, do kt\u00f3rych uda\u0142o mi si\u0119 dotrze\u0107 na ostatnim etapie prowadzonych bada\u0144. W ksi\u0105\u017cce przedstawi\u0142em nigdy wcze\u015bniej niepublikowane zdj\u0119cia z wczesnych lat powojennych terenu fabryki amunicji w Ludwikowicach K\u0142odzkich i kompleksu Gontowa oraz wiele innych ciekawostek jak np. komponenty materia\u0142\u00f3w wybuchowych wyrabianych w fabryce Dynamit AG Ludwigsdorf, kt\u00f3rych zdj\u0119cie mia\u0142em jedyn\u0105 i niepowtarzaln\u0105 okazj\u0119 wykona\u0107. Ponadto jak wynika z dokumentacji archiwalnej, do kt\u00f3rej dotar\u0142em oraz bada\u0144 terenowych, kt\u00f3re prowadzi\u0142em ze znajomymi, jeden z uko\u0144czonych obiekt\u00f3w budowlanych o charakterze militarnym w Ludwikowicach K\u0142odzkich, zosta\u0142 pod koniec wojny przez Niemc\u00f3w zamaskowany\u2026<\/p>\n","protected":false},"excerpt":{"rendered":"<p>Ksi\u0105\u017cka ju\u017c jest. Teraz sukcesywnie trafia do kolejnych punkt\u00f3w sprzeda\u017cy a tymczasem zamieszczam dla czytelnik\u00f3w bloga skr\u00f3towy opis tre\u015bci w niej zawartej. Ot\u00f3\u017c w ksi\u0105\u017cce przedstawi\u0142em wyniki moich najnowszych eksploracji terenowych oraz nigdy wcze\u015bniej niepublikowan\u0105 dokumentacj\u0119 archiwaln\u0105 zdobyt\u0105 w efekcie &hellip; <a href=\"https:\/\/pj-blog.pl\/?p=7243\">Czytaj dalej <span class=\"meta-nav\">&rarr;<\/span><\/a><\/p>\n","protected":false},"author":2,"featured_media":0,"comment_status":"open","ping_status":"closed","sticky":false,"template":"","format":"standard","meta":{"ngg_post_thumbnail":0,"footnotes":""},"categories":[1],"tags":[],"class_list":["post-7243","post","type-post","status-publish","format-standard","hentry","category-uncategorized"],"_links":{"self":[{"href":"https:\/\/pj-blog.pl\/index.php?rest_route=\/wp\/v2\/posts\/7243","targetHints":{"allow":["GET"]}}],"collection":[{"href":"https:\/\/pj-blog.pl\/index.php?rest_route=\/wp\/v2\/posts"}],"about":[{"href":"https:\/\/pj-blog.pl\/index.php?rest_route=\/wp\/v2\/types\/post"}],"author":[{"embeddable":true,"href":"https:\/\/pj-blog.pl\/index.php?rest_route=\/wp\/v2\/users\/2"}],"replies":[{"embeddable":true,"href":"https:\/\/pj-blog.pl\/index.php?rest_route=%2Fwp%2Fv2%2Fcomments&post=7243"}],"version-history":[{"count":0,"href":"https:\/\/pj-blog.pl\/index.php?rest_route=\/wp\/v2\/posts\/7243\/revisions"}],"wp:attachment":[{"href":"https:\/\/pj-blog.pl\/index.php?rest_route=%2Fwp%2Fv2%2Fmedia&parent=7243"}],"wp:term":[{"taxonomy":"category","embeddable":true,"href":"https:\/\/pj-blog.pl\/index.php?rest_route=%2Fwp%2Fv2%2Fcategories&post=7243"},{"taxonomy":"post_tag","embeddable":true,"href":"https:\/\/pj-blog.pl\/index.php?rest_route=%2Fwp%2Fv2%2Ftags&post=7243"}],"curies":[{"name":"wp","href":"https:\/\/api.w.org\/{rel}","templated":true}]}}