{"id":7536,"date":"2018-09-30T19:19:23","date_gmt":"2018-09-30T18:19:23","guid":{"rendered":"http:\/\/pj-blog.pl\/?p=7536"},"modified":"2018-09-30T19:40:58","modified_gmt":"2018-09-30T18:40:58","slug":"instalacje-wodne-w-gorach-sowich","status":"publish","type":"post","link":"https:\/\/pj-blog.pl\/?p=7536","title":{"rendered":"Instalacje wodne w G\u00f3rach Sowich"},"content":{"rendered":"<p><div id=\"attachment_7537\" style=\"width: 310px\" class=\"wp-caption alignleft\"><a href=\"https:\/\/pj-blog.pl\/wp-content\/uploads\/2018\/09\/Zbiornik-1.png\"><img loading=\"lazy\" decoding=\"async\" aria-describedby=\"caption-attachment-7537\" src=\"https:\/\/pj-blog.pl\/wp-content\/uploads\/2018\/09\/Zbiornik-1-300x202.png\" alt=\"\" width=\"300\" height=\"202\" class=\"size-medium wp-image-7537\" srcset=\"https:\/\/pj-blog.pl\/wp-content\/uploads\/2018\/09\/Zbiornik-1-300x202.png 300w, https:\/\/pj-blog.pl\/wp-content\/uploads\/2018\/09\/Zbiornik-1-768x517.png 768w, https:\/\/pj-blog.pl\/wp-content\/uploads\/2018\/09\/Zbiornik-1.png 979w\" sizes=\"auto, (max-width: 300px) 100vw, 300px\" \/><\/a><p id=\"caption-attachment-7537\" class=\"wp-caption-text\">Zbiornik na wod\u0119 we W\u0142odarzu (fot. Pawe\u0142 Je\u017cewski)<\/p><\/div>Instalacje wodne wybudowane w G\u00f3rach Sowich w 1944-1945 roku to bardzo intryguj\u0105cy temat. Ciekawy jestem czy kto\u015b zada\u0142 sobie pytanie, dlaczego gdy si\u0119 por\u00f3wna pod tym wzgl\u0119dem tzw. kompleks Os\u00f3wka, Sobo\u0144 i W\u0142odarz, to Os\u00f3wka wypada tak mizernie (a mia\u0142a wed\u0142ug niekt\u00f3rych teorii by\u0107 dla samego Hitlera). Z kolei Sobo\u0144, gdzie instalacja wodna jest najbardziej rozbudowana.. czy kto\u015b zada\u0142 sobie pytanie dlaczego? oraz jak to wszystko mia\u0142o funkcjonowa\u0107 po uko\u0144czeniu i do jakich cel\u00f3w? Sporo wysi\u0142ku poch\u0142on\u0119\u0142o, \u017ceby to wszystko zinwentaryzowa\u0107, zbada\u0107, narysowa\u0107.. i teraz jak na to wszystko patrz\u0119 to wnioski s\u0105 zdumiewaj\u0105ce. Chcia\u0142bym to m\u00f3c teraz por\u00f3wna\u0107 z oryginalnymi planami techniczno-projektowymi, a tych p\u00f3ki co jeszcze nie mam. \ud83d\ude41 <\/p>\n","protected":false},"excerpt":{"rendered":"<p>Instalacje wodne wybudowane w G\u00f3rach Sowich w 1944-1945 roku to bardzo intryguj\u0105cy temat. Ciekawy jestem czy kto\u015b zada\u0142 sobie pytanie, dlaczego gdy si\u0119 por\u00f3wna pod tym wzgl\u0119dem tzw. kompleks Os\u00f3wka, Sobo\u0144 i W\u0142odarz, to Os\u00f3wka wypada tak mizernie (a mia\u0142a &hellip; <a href=\"https:\/\/pj-blog.pl\/?p=7536\">Czytaj dalej <span class=\"meta-nav\">&rarr;<\/span><\/a><\/p>\n","protected":false},"author":2,"featured_media":0,"comment_status":"open","ping_status":"closed","sticky":false,"template":"","format":"standard","meta":{"ngg_post_thumbnail":0,"footnotes":""},"categories":[1],"tags":[],"class_list":["post-7536","post","type-post","status-publish","format-standard","hentry","category-uncategorized"],"_links":{"self":[{"href":"https:\/\/pj-blog.pl\/index.php?rest_route=\/wp\/v2\/posts\/7536","targetHints":{"allow":["GET"]}}],"collection":[{"href":"https:\/\/pj-blog.pl\/index.php?rest_route=\/wp\/v2\/posts"}],"about":[{"href":"https:\/\/pj-blog.pl\/index.php?rest_route=\/wp\/v2\/types\/post"}],"author":[{"embeddable":true,"href":"https:\/\/pj-blog.pl\/index.php?rest_route=\/wp\/v2\/users\/2"}],"replies":[{"embeddable":true,"href":"https:\/\/pj-blog.pl\/index.php?rest_route=%2Fwp%2Fv2%2Fcomments&post=7536"}],"version-history":[{"count":0,"href":"https:\/\/pj-blog.pl\/index.php?rest_route=\/wp\/v2\/posts\/7536\/revisions"}],"wp:attachment":[{"href":"https:\/\/pj-blog.pl\/index.php?rest_route=%2Fwp%2Fv2%2Fmedia&parent=7536"}],"wp:term":[{"taxonomy":"category","embeddable":true,"href":"https:\/\/pj-blog.pl\/index.php?rest_route=%2Fwp%2Fv2%2Fcategories&post=7536"},{"taxonomy":"post_tag","embeddable":true,"href":"https:\/\/pj-blog.pl\/index.php?rest_route=%2Fwp%2Fv2%2Ftags&post=7536"}],"curies":[{"name":"wp","href":"https:\/\/api.w.org\/{rel}","templated":true}]}}